{"id":3861,"date":"2024-07-17T06:43:46","date_gmt":"2024-07-17T06:43:46","guid":{"rendered":"https:\/\/www.corental.de\/?p=3861"},"modified":"2025-09-08T12:42:43","modified_gmt":"2025-09-08T12:42:43","slug":"juli-2024-zeiten-der-veraenderungen","status":"publish","type":"post","link":"https:\/\/www.corental.de\/index.php\/2024\/07\/17\/juli-2024-zeiten-der-veraenderungen\/","title":{"rendered":"Juli 2024 &#8211; Zeiten der Ver\u00e4nderungen"},"content":{"rendered":"<p><span style=\"font-family: arial, helvetica, sans-serif;\">Liebe Kunden, liebe Lieferanten, liebe Gesch\u00e4ftspartner,<\/span><\/p>\n<p><span style=\"font-family: arial, helvetica, sans-serif;\">wir leben in Zeiten der Ver\u00e4nderungen und auch bei uns stehen diese jetzt an.<\/span><\/p>\n<p><span style=\"font-family: arial, helvetica, sans-serif;\">Ab September diesen Jahres wird unser gesamtes Material nach Hilden in ein neues Lager umziehen. Dort erschlie\u00dfen sich f\u00fcr uns und f\u00fcr euch neue M\u00f6glichkeiten aufgrund der Gr\u00f6\u00dfe und optimaler logistischer Anbindung.<\/span><\/p>\n<p><span style=\"font-family: arial, helvetica, sans-serif;\">Unseren Bestandskunden im S\u00fcden Deutschlands, \u00d6sterreich und der Schweiz werden wir mit individuellen (Transport-)L\u00f6sungen weiterhin zur Seite stehen.<\/span><\/p>\n","protected":false},"excerpt":{"rendered":"<p>Liebe Kunden, liebe Lieferanten, liebe Gesch\u00e4ftspartner, wir leben in Zeiten der Ver\u00e4nderungen und auch bei uns stehen diese jetzt an. Ab September diesen Jahres wird unser gesamtes Material nach Hilden in ein neues Lager umziehen. Dort erschlie\u00dfen sich f\u00fcr uns und f\u00fcr euch neue M\u00f6glichkeiten aufgrund der Gr\u00f6\u00dfe und optimaler logistischer Anbindung. Unseren Bestandskunden im S\u00fcden Deutschlands, \u00d6sterreich und der Schweiz werden wir mit individuellen (Transport-)L\u00f6sungen weiterhin zur Seite stehen.<\/p>\n","protected":false},"author":9,"featured_media":3858,"comment_status":"closed","ping_status":"closed","sticky":false,"template":"","format":"standard","meta":{"footnotes":""},"categories":[40],"tags":[],"post_folder":[48],"class_list":["post-3861","post","type-post","status-publish","format-standard","has-post-thumbnail","hentry","category-news"],"yoast_head":"<!-- This site is optimized with the Yoast SEO plugin v27.5 - https:\/\/yoast.com\/product\/yoast-seo-wordpress\/ -->\n<title>Juli 2024 - Zeiten der Ver\u00e4nderungen - COrental Dry Hire GmbH \u2013 Vermietung von Veranstaltungstechnik Licht &amp; Rigging<\/title>\n<meta name=\"robots\" content=\"noindex, follow\" \/>\n<meta property=\"og:locale\" content=\"de_DE\" \/>\n<meta property=\"og:type\" content=\"article\" \/>\n<meta property=\"og:title\" content=\"Juli 2024 - Zeiten der Ver\u00e4nderungen - COrental Dry Hire GmbH \u2013 Vermietung von Veranstaltungstechnik Licht &amp; Rigging\" \/>\n<meta property=\"og:description\" content=\"Liebe Kunden, liebe Lieferanten, liebe Gesch\u00e4ftspartner, wir leben in Zeiten der Ver\u00e4nderungen und auch bei uns stehen diese jetzt an. Ab September diesen Jahres wird unser gesamtes Material nach Hilden in ein neues Lager umziehen. Dort erschlie\u00dfen sich f\u00fcr uns und f\u00fcr euch neue M\u00f6glichkeiten aufgrund der Gr\u00f6\u00dfe und optimaler logistischer Anbindung. Unseren Bestandskunden im S\u00fcden Deutschlands, \u00d6sterreich und der Schweiz werden wir mit individuellen (Transport-)L\u00f6sungen weiterhin zur Seite stehen.\" \/>\n<meta property=\"og:url\" content=\"https:\/\/www.corental.de\/index.php\/2024\/07\/17\/juli-2024-zeiten-der-veraenderungen\/\" \/>\n<meta property=\"og:site_name\" content=\"COrental Dry Hire GmbH \u2013 Vermietung von Veranstaltungstechnik Licht &amp; Rigging\" \/>\n<meta property=\"article:published_time\" content=\"2024-07-17T06:43:46+00:00\" \/>\n<meta property=\"article:modified_time\" content=\"2025-09-08T12:42:43+00:00\" \/>\n<meta property=\"og:image\" content=\"https:\/\/www.corental.de\/wp-content\/uploads\/2024\/04\/DJI_0248-geschnitten.jpg\" \/>\n\t<meta property=\"og:image:width\" content=\"1805\" \/>\n\t<meta property=\"og:image:height\" content=\"976\" \/>\n\t<meta property=\"og:image:type\" content=\"image\/jpeg\" \/>\n<meta name=\"author\" content=\"Niklas Wegner\" \/>\n<meta name=\"twitter:card\" content=\"summary_large_image\" \/>\n<meta name=\"twitter:label1\" content=\"Verfasst von\" \/>\n\t<meta name=\"twitter:data1\" content=\"Niklas Wegner\" \/>\n\t<meta name=\"twitter:label2\" content=\"Gesch\u00e4tzte Lesezeit\" \/>\n\t<meta name=\"twitter:data2\" content=\"1\u00a0Minute\" \/>\n<script type=\"application\/ld+json\" class=\"yoast-schema-graph\">{\"@context\":\"https:\\\/\\\/schema.org\",\"@graph\":[{\"@type\":\"Article\",\"@id\":\"https:\\\/\\\/www.corental.de\\\/index.php\\\/2024\\\/07\\\/17\\\/juli-2024-zeiten-der-veraenderungen\\\/#article\",\"isPartOf\":{\"@id\":\"https:\\\/\\\/www.corental.de\\\/index.php\\\/2024\\\/07\\\/17\\\/juli-2024-zeiten-der-veraenderungen\\\/\"},\"author\":{\"name\":\"Niklas Wegner\",\"@id\":\"https:\\\/\\\/www.corental.de\\\/#\\\/schema\\\/person\\\/b1a7cd5f65bb8ceec9704336227b3e10\"},\"headline\":\"Juli 2024 &#8211; Zeiten der Ver\u00e4nderungen\",\"datePublished\":\"2024-07-17T06:43:46+00:00\",\"dateModified\":\"2025-09-08T12:42:43+00:00\",\"mainEntityOfPage\":{\"@id\":\"https:\\\/\\\/www.corental.de\\\/index.php\\\/2024\\\/07\\\/17\\\/juli-2024-zeiten-der-veraenderungen\\\/\"},\"wordCount\":86,\"publisher\":{\"@id\":\"https:\\\/\\\/www.corental.de\\\/#organization\"},\"image\":{\"@id\":\"https:\\\/\\\/www.corental.de\\\/index.php\\\/2024\\\/07\\\/17\\\/juli-2024-zeiten-der-veraenderungen\\\/#primaryimage\"},\"thumbnailUrl\":\"https:\\\/\\\/www.corental.de\\\/wp-content\\\/uploads\\\/2024\\\/04\\\/DJI_0248-geschnitten.jpg\",\"articleSection\":[\"News\"],\"inLanguage\":\"de\"},{\"@type\":\"WebPage\",\"@id\":\"https:\\\/\\\/www.corental.de\\\/index.php\\\/2024\\\/07\\\/17\\\/juli-2024-zeiten-der-veraenderungen\\\/\",\"url\":\"https:\\\/\\\/www.corental.de\\\/index.php\\\/2024\\\/07\\\/17\\\/juli-2024-zeiten-der-veraenderungen\\\/\",\"name\":\"Juli 2024 - Zeiten der Ver\u00e4nderungen - COrental Dry Hire GmbH \u2013 Vermietung von Veranstaltungstechnik Licht &amp; Rigging\",\"isPartOf\":{\"@id\":\"https:\\\/\\\/www.corental.de\\\/#website\"},\"primaryImageOfPage\":{\"@id\":\"https:\\\/\\\/www.corental.de\\\/index.php\\\/2024\\\/07\\\/17\\\/juli-2024-zeiten-der-veraenderungen\\\/#primaryimage\"},\"image\":{\"@id\":\"https:\\\/\\\/www.corental.de\\\/index.php\\\/2024\\\/07\\\/17\\\/juli-2024-zeiten-der-veraenderungen\\\/#primaryimage\"},\"thumbnailUrl\":\"https:\\\/\\\/www.corental.de\\\/wp-content\\\/uploads\\\/2024\\\/04\\\/DJI_0248-geschnitten.jpg\",\"datePublished\":\"2024-07-17T06:43:46+00:00\",\"dateModified\":\"2025-09-08T12:42:43+00:00\",\"breadcrumb\":{\"@id\":\"https:\\\/\\\/www.corental.de\\\/index.php\\\/2024\\\/07\\\/17\\\/juli-2024-zeiten-der-veraenderungen\\\/#breadcrumb\"},\"inLanguage\":\"de\",\"potentialAction\":[{\"@type\":\"ReadAction\",\"target\":[\"https:\\\/\\\/www.corental.de\\\/index.php\\\/2024\\\/07\\\/17\\\/juli-2024-zeiten-der-veraenderungen\\\/\"]}]},{\"@type\":\"ImageObject\",\"inLanguage\":\"de\",\"@id\":\"https:\\\/\\\/www.corental.de\\\/index.php\\\/2024\\\/07\\\/17\\\/juli-2024-zeiten-der-veraenderungen\\\/#primaryimage\",\"url\":\"https:\\\/\\\/www.corental.de\\\/wp-content\\\/uploads\\\/2024\\\/04\\\/DJI_0248-geschnitten.jpg\",\"contentUrl\":\"https:\\\/\\\/www.corental.de\\\/wp-content\\\/uploads\\\/2024\\\/04\\\/DJI_0248-geschnitten.jpg\",\"width\":1805,\"height\":976},{\"@type\":\"BreadcrumbList\",\"@id\":\"https:\\\/\\\/www.corental.de\\\/index.php\\\/2024\\\/07\\\/17\\\/juli-2024-zeiten-der-veraenderungen\\\/#breadcrumb\",\"itemListElement\":[{\"@type\":\"ListItem\",\"position\":1,\"name\":\"Startseite\",\"item\":\"https:\\\/\\\/www.corental.de\\\/\"},{\"@type\":\"ListItem\",\"position\":2,\"name\":\"Juli 2024 &#8211; Zeiten der Ver\u00e4nderungen\"}]},{\"@type\":\"WebSite\",\"@id\":\"https:\\\/\\\/www.corental.de\\\/#website\",\"url\":\"https:\\\/\\\/www.corental.de\\\/\",\"name\":\"CONRAD Licht & Rigging Support GmbH\",\"description\":\"\",\"publisher\":{\"@id\":\"https:\\\/\\\/www.corental.de\\\/#organization\"},\"potentialAction\":[{\"@type\":\"SearchAction\",\"target\":{\"@type\":\"EntryPoint\",\"urlTemplate\":\"https:\\\/\\\/www.corental.de\\\/?s={search_term_string}\"},\"query-input\":{\"@type\":\"PropertyValueSpecification\",\"valueRequired\":true,\"valueName\":\"search_term_string\"}}],\"inLanguage\":\"de\"},{\"@type\":\"Organization\",\"@id\":\"https:\\\/\\\/www.corental.de\\\/#organization\",\"name\":\"CONRAD Licht & Rigging Support GmbH\",\"url\":\"https:\\\/\\\/www.corental.de\\\/\",\"logo\":{\"@type\":\"ImageObject\",\"inLanguage\":\"de\",\"@id\":\"https:\\\/\\\/www.corental.de\\\/#\\\/schema\\\/logo\\\/image\\\/\",\"url\":\"https:\\\/\\\/www.conrad-support.de\\\/wp-content\\\/uploads\\\/2021\\\/11\\\/CONRAD_Logo_SW.png\",\"contentUrl\":\"https:\\\/\\\/www.conrad-support.de\\\/wp-content\\\/uploads\\\/2021\\\/11\\\/CONRAD_Logo_SW.png\",\"width\":1000,\"height\":207,\"caption\":\"CONRAD Licht & Rigging Support GmbH\"},\"image\":{\"@id\":\"https:\\\/\\\/www.corental.de\\\/#\\\/schema\\\/logo\\\/image\\\/\"}},{\"@type\":\"Person\",\"@id\":\"https:\\\/\\\/www.corental.de\\\/#\\\/schema\\\/person\\\/b1a7cd5f65bb8ceec9704336227b3e10\",\"name\":\"Niklas Wegner\",\"image\":{\"@type\":\"ImageObject\",\"inLanguage\":\"de\",\"@id\":\"https:\\\/\\\/secure.gravatar.com\\\/avatar\\\/97ae3533fa729f2257932bf637f840da9a46874e7100101c517d5713ac6626f2?s=96&d=mm&r=g\",\"url\":\"https:\\\/\\\/secure.gravatar.com\\\/avatar\\\/97ae3533fa729f2257932bf637f840da9a46874e7100101c517d5713ac6626f2?s=96&d=mm&r=g\",\"contentUrl\":\"https:\\\/\\\/secure.gravatar.com\\\/avatar\\\/97ae3533fa729f2257932bf637f840da9a46874e7100101c517d5713ac6626f2?s=96&d=mm&r=g\",\"caption\":\"Niklas Wegner\"}}]}<\/script>\n<!-- \/ Yoast SEO plugin. -->","yoast_head_json":{"title":"Juli 2024 - Zeiten der Ver\u00e4nderungen - COrental Dry Hire GmbH \u2013 Vermietung von Veranstaltungstechnik Licht &amp; Rigging","robots":{"index":"noindex","follow":"follow"},"og_locale":"de_DE","og_type":"article","og_title":"Juli 2024 - Zeiten der Ver\u00e4nderungen - COrental Dry Hire GmbH \u2013 Vermietung von Veranstaltungstechnik Licht &amp; Rigging","og_description":"Liebe Kunden, liebe Lieferanten, liebe Gesch\u00e4ftspartner, wir leben in Zeiten der Ver\u00e4nderungen und auch bei uns stehen diese jetzt an. Ab September diesen Jahres wird unser gesamtes Material nach Hilden in ein neues Lager umziehen. Dort erschlie\u00dfen sich f\u00fcr uns und f\u00fcr euch neue M\u00f6glichkeiten aufgrund der Gr\u00f6\u00dfe und optimaler logistischer Anbindung. Unseren Bestandskunden im S\u00fcden Deutschlands, \u00d6sterreich und der Schweiz werden wir mit individuellen (Transport-)L\u00f6sungen weiterhin zur Seite stehen.","og_url":"https:\/\/www.corental.de\/index.php\/2024\/07\/17\/juli-2024-zeiten-der-veraenderungen\/","og_site_name":"COrental Dry Hire GmbH \u2013 Vermietung von Veranstaltungstechnik Licht &amp; Rigging","article_published_time":"2024-07-17T06:43:46+00:00","article_modified_time":"2025-09-08T12:42:43+00:00","og_image":[{"width":1805,"height":976,"url":"https:\/\/www.corental.de\/wp-content\/uploads\/2024\/04\/DJI_0248-geschnitten.jpg","type":"image\/jpeg"}],"author":"Niklas Wegner","twitter_card":"summary_large_image","twitter_misc":{"Verfasst von":"Niklas Wegner","Gesch\u00e4tzte Lesezeit":"1\u00a0Minute"},"schema":{"@context":"https:\/\/schema.org","@graph":[{"@type":"Article","@id":"https:\/\/www.corental.de\/index.php\/2024\/07\/17\/juli-2024-zeiten-der-veraenderungen\/#article","isPartOf":{"@id":"https:\/\/www.corental.de\/index.php\/2024\/07\/17\/juli-2024-zeiten-der-veraenderungen\/"},"author":{"name":"Niklas Wegner","@id":"https:\/\/www.corental.de\/#\/schema\/person\/b1a7cd5f65bb8ceec9704336227b3e10"},"headline":"Juli 2024 &#8211; Zeiten der Ver\u00e4nderungen","datePublished":"2024-07-17T06:43:46+00:00","dateModified":"2025-09-08T12:42:43+00:00","mainEntityOfPage":{"@id":"https:\/\/www.corental.de\/index.php\/2024\/07\/17\/juli-2024-zeiten-der-veraenderungen\/"},"wordCount":86,"publisher":{"@id":"https:\/\/www.corental.de\/#organization"},"image":{"@id":"https:\/\/www.corental.de\/index.php\/2024\/07\/17\/juli-2024-zeiten-der-veraenderungen\/#primaryimage"},"thumbnailUrl":"https:\/\/www.corental.de\/wp-content\/uploads\/2024\/04\/DJI_0248-geschnitten.jpg","articleSection":["News"],"inLanguage":"de"},{"@type":"WebPage","@id":"https:\/\/www.corental.de\/index.php\/2024\/07\/17\/juli-2024-zeiten-der-veraenderungen\/","url":"https:\/\/www.corental.de\/index.php\/2024\/07\/17\/juli-2024-zeiten-der-veraenderungen\/","name":"Juli 2024 - Zeiten der Ver\u00e4nderungen - COrental Dry Hire GmbH \u2013 Vermietung von Veranstaltungstechnik Licht &amp; Rigging","isPartOf":{"@id":"https:\/\/www.corental.de\/#website"},"primaryImageOfPage":{"@id":"https:\/\/www.corental.de\/index.php\/2024\/07\/17\/juli-2024-zeiten-der-veraenderungen\/#primaryimage"},"image":{"@id":"https:\/\/www.corental.de\/index.php\/2024\/07\/17\/juli-2024-zeiten-der-veraenderungen\/#primaryimage"},"thumbnailUrl":"https:\/\/www.corental.de\/wp-content\/uploads\/2024\/04\/DJI_0248-geschnitten.jpg","datePublished":"2024-07-17T06:43:46+00:00","dateModified":"2025-09-08T12:42:43+00:00","breadcrumb":{"@id":"https:\/\/www.corental.de\/index.php\/2024\/07\/17\/juli-2024-zeiten-der-veraenderungen\/#breadcrumb"},"inLanguage":"de","potentialAction":[{"@type":"ReadAction","target":["https:\/\/www.corental.de\/index.php\/2024\/07\/17\/juli-2024-zeiten-der-veraenderungen\/"]}]},{"@type":"ImageObject","inLanguage":"de","@id":"https:\/\/www.corental.de\/index.php\/2024\/07\/17\/juli-2024-zeiten-der-veraenderungen\/#primaryimage","url":"https:\/\/www.corental.de\/wp-content\/uploads\/2024\/04\/DJI_0248-geschnitten.jpg","contentUrl":"https:\/\/www.corental.de\/wp-content\/uploads\/2024\/04\/DJI_0248-geschnitten.jpg","width":1805,"height":976},{"@type":"BreadcrumbList","@id":"https:\/\/www.corental.de\/index.php\/2024\/07\/17\/juli-2024-zeiten-der-veraenderungen\/#breadcrumb","itemListElement":[{"@type":"ListItem","position":1,"name":"Startseite","item":"https:\/\/www.corental.de\/"},{"@type":"ListItem","position":2,"name":"Juli 2024 &#8211; Zeiten der Ver\u00e4nderungen"}]},{"@type":"WebSite","@id":"https:\/\/www.corental.de\/#website","url":"https:\/\/www.corental.de\/","name":"CONRAD Licht & Rigging Support GmbH","description":"","publisher":{"@id":"https:\/\/www.corental.de\/#organization"},"potentialAction":[{"@type":"SearchAction","target":{"@type":"EntryPoint","urlTemplate":"https:\/\/www.corental.de\/?s={search_term_string}"},"query-input":{"@type":"PropertyValueSpecification","valueRequired":true,"valueName":"search_term_string"}}],"inLanguage":"de"},{"@type":"Organization","@id":"https:\/\/www.corental.de\/#organization","name":"CONRAD Licht & Rigging Support GmbH","url":"https:\/\/www.corental.de\/","logo":{"@type":"ImageObject","inLanguage":"de","@id":"https:\/\/www.corental.de\/#\/schema\/logo\/image\/","url":"https:\/\/www.conrad-support.de\/wp-content\/uploads\/2021\/11\/CONRAD_Logo_SW.png","contentUrl":"https:\/\/www.conrad-support.de\/wp-content\/uploads\/2021\/11\/CONRAD_Logo_SW.png","width":1000,"height":207,"caption":"CONRAD Licht & Rigging Support GmbH"},"image":{"@id":"https:\/\/www.corental.de\/#\/schema\/logo\/image\/"}},{"@type":"Person","@id":"https:\/\/www.corental.de\/#\/schema\/person\/b1a7cd5f65bb8ceec9704336227b3e10","name":"Niklas Wegner","image":{"@type":"ImageObject","inLanguage":"de","@id":"https:\/\/secure.gravatar.com\/avatar\/97ae3533fa729f2257932bf637f840da9a46874e7100101c517d5713ac6626f2?s=96&d=mm&r=g","url":"https:\/\/secure.gravatar.com\/avatar\/97ae3533fa729f2257932bf637f840da9a46874e7100101c517d5713ac6626f2?s=96&d=mm&r=g","contentUrl":"https:\/\/secure.gravatar.com\/avatar\/97ae3533fa729f2257932bf637f840da9a46874e7100101c517d5713ac6626f2?s=96&d=mm&r=g","caption":"Niklas Wegner"}}]}},"_links":{"self":[{"href":"https:\/\/www.corental.de\/index.php\/wp-json\/wp\/v2\/posts\/3861","targetHints":{"allow":["GET"]}}],"collection":[{"href":"https:\/\/www.corental.de\/index.php\/wp-json\/wp\/v2\/posts"}],"about":[{"href":"https:\/\/www.corental.de\/index.php\/wp-json\/wp\/v2\/types\/post"}],"author":[{"embeddable":true,"href":"https:\/\/www.corental.de\/index.php\/wp-json\/wp\/v2\/users\/9"}],"replies":[{"embeddable":true,"href":"https:\/\/www.corental.de\/index.php\/wp-json\/wp\/v2\/comments?post=3861"}],"version-history":[{"count":6,"href":"https:\/\/www.corental.de\/index.php\/wp-json\/wp\/v2\/posts\/3861\/revisions"}],"predecessor-version":[{"id":4030,"href":"https:\/\/www.corental.de\/index.php\/wp-json\/wp\/v2\/posts\/3861\/revisions\/4030"}],"wp:featuredmedia":[{"embeddable":true,"href":"https:\/\/www.corental.de\/index.php\/wp-json\/wp\/v2\/media\/3858"}],"wp:attachment":[{"href":"https:\/\/www.corental.de\/index.php\/wp-json\/wp\/v2\/media?parent=3861"}],"wp:term":[{"taxonomy":"category","embeddable":true,"href":"https:\/\/www.corental.de\/index.php\/wp-json\/wp\/v2\/categories?post=3861"},{"taxonomy":"post_tag","embeddable":true,"href":"https:\/\/www.corental.de\/index.php\/wp-json\/wp\/v2\/tags?post=3861"},{"taxonomy":"post_folder","embeddable":true,"href":"https:\/\/www.corental.de\/index.php\/wp-json\/wp\/v2\/post_folder?post=3861"}],"curies":[{"name":"wp","href":"https:\/\/api.w.org\/{rel}","templated":true}]}}